{"id":23062,"date":"2023-11-24T18:26:09","date_gmt":"2023-11-24T17:26:09","guid":{"rendered":"https:\/\/ptmsrl.com\/?p=23062"},"modified":"2023-11-24T18:26:09","modified_gmt":"2023-11-24T17:26:09","slug":"ptm-en-la-feria-agritechnica-de-hannover","status":"publish","type":"post","link":"https:\/\/ptmsrl.com\/es\/ptm-en-la-feria-agritechnica-de-hannover\/","title":{"rendered":"PTM en la Feria Agritechnica de Hannover"},"content":{"rendered":"<p>Del 9 al 15 de noviembre, PTM estuvo presente en la Feria Agritechnica de Hannover, l\u00edder mundial en el sector de la mecanizaci\u00f3n agr\u00edcola.<\/p>\n<p>En el futuro, ser\u00e1 crucial aumentar la productividad agr\u00edcola reduciendo el uso de insumos y protegiendo el medio ambiente. Agritechnica 2023 present\u00f3 una serie de ideas para la Productividad Verde en las granjas. Los factores de \u00e9xito incluyen el posicionamiento en el mercado, el progreso t\u00e9cnico, pero tambi\u00e9n el medio ambiente, el clima y la regulaci\u00f3n. La tarea central de la agricultura es la seguridad alimentaria. Esto queda ilustrado por las crisis alimentarias recurrentes. Sin embargo, la seguridad alimentaria debe considerarse a largo plazo. Debe reforzarse a\u00fan m\u00e1s la atenci\u00f3n prestada a un uso m\u00e1s sostenible de nuestros recursos naturales, como el suelo, el agua, la atm\u00f3sfera y la biodiversidad.<\/p>\n<p>La integraci\u00f3n de conocimientos, innovaci\u00f3n y tecnolog\u00eda es necesaria para desarrollar un nivel simult\u00e1neamente alto y sostenible de rendimiento y productividad.<\/p>\n\n  \n    <div class=\"row large-columns-2 medium-columns- small-columns- slider row-slider slider-nav-simple slider-nav-outside\"  data-flickity-options='{&quot;imagesLoaded&quot;: true, &quot;groupCells&quot;: &quot;100%&quot;, &quot;dragThreshold&quot; : 5, &quot;cellAlign&quot;: &quot;left&quot;,&quot;wrapAround&quot;: true,&quot;prevNextButtons&quot;: true,&quot;percentPosition&quot;: true,&quot;pageDots&quot;: true, &quot;rightToLeft&quot;: false, &quot;autoPlay&quot; : 2000}' >\n\n  <div class=\"gallery-col col\" >\n          <div class=\"col-inner\">\n            <a class=\"image-lightbox lightbox-gallery\" href=\"https:\/\/ptmsrl.com\/wp-content\/uploads\/2023\/11\/ptm-fiera-agritechnica-novembre-2023.jpg\" title=\"\">            <div class=\"box has-hover gallery-box box-none\">\n              <div class=\"box-image\" >\n                <img loading=\"lazy\" decoding=\"async\" width=\"1024\" height=\"768\" src=\"https:\/\/ptmsrl.com\/wp-content\/uploads\/2023\/11\/ptm-fiera-agritechnica-novembre-2023.jpg\" class=\"attachment-original size-original\" alt=\"ptm-fiera-agritechnica-novembre-2023\" ids=\"23020,22992,22999,23013,23027,23034,23041,23006\" style=\"none\" lightbox_image_size=\"original\" type=\"slider\" columns=\"2\" slider_nav_style=\"simple\" slider_nav_position=\"outside\" slider_bullets=\"true\" auto_slide=\"2000\" image_size=\"original\" srcset=\"https:\/\/ptmsrl.com\/wp-content\/uploads\/2023\/11\/ptm-fiera-agritechnica-novembre-2023.jpg 1024w, https:\/\/ptmsrl.com\/wp-content\/uploads\/2023\/11\/ptm-fiera-agritechnica-novembre-2023-533x400.jpg 533w, https:\/\/ptmsrl.com\/wp-content\/uploads\/2023\/11\/ptm-fiera-agritechnica-novembre-2023-768x576.jpg 768w, https:\/\/ptmsrl.com\/wp-content\/uploads\/2023\/11\/ptm-fiera-agritechnica-novembre-2023-600x450.jpg 600w\" sizes=\"auto, (max-width: 1024px) 100vw, 1024px\" \/>                                                              <\/div>\n              <div class=\"box-text text-left\" >\n                 <p><\/p>\n              <\/div>\n            <\/div>\n            <\/a>          <\/div>\n         <\/div><div class=\"gallery-col col\" >\n          <div class=\"col-inner\">\n            <a class=\"image-lightbox lightbox-gallery\" href=\"https:\/\/ptmsrl.com\/wp-content\/uploads\/2023\/11\/app-e-software-per-l-agricoltura-ptm-in-fiera-agritechcnica-2023.jpg\" title=\"\">            <div class=\"box has-hover gallery-box box-none\">\n              <div class=\"box-image\" >\n                <img loading=\"lazy\" decoding=\"async\" width=\"1024\" height=\"768\" src=\"https:\/\/ptmsrl.com\/wp-content\/uploads\/2023\/11\/app-e-software-per-l-agricoltura-ptm-in-fiera-agritechcnica-2023.jpg\" class=\"attachment-original size-original\" alt=\"app-e-software-per-l-agricoltura-ptm-in-fiera-agritechcnica-2023\" ids=\"23020,22992,22999,23013,23027,23034,23041,23006\" style=\"none\" lightbox_image_size=\"original\" type=\"slider\" columns=\"2\" slider_nav_style=\"simple\" slider_nav_position=\"outside\" slider_bullets=\"true\" auto_slide=\"2000\" image_size=\"original\" srcset=\"https:\/\/ptmsrl.com\/wp-content\/uploads\/2023\/11\/app-e-software-per-l-agricoltura-ptm-in-fiera-agritechcnica-2023.jpg 1024w, https:\/\/ptmsrl.com\/wp-content\/uploads\/2023\/11\/app-e-software-per-l-agricoltura-ptm-in-fiera-agritechcnica-2023-533x400.jpg 533w, https:\/\/ptmsrl.com\/wp-content\/uploads\/2023\/11\/app-e-software-per-l-agricoltura-ptm-in-fiera-agritechcnica-2023-768x576.jpg 768w, https:\/\/ptmsrl.com\/wp-content\/uploads\/2023\/11\/app-e-software-per-l-agricoltura-ptm-in-fiera-agritechcnica-2023-600x450.jpg 600w\" sizes=\"auto, (max-width: 1024px) 100vw, 1024px\" \/>                                                              <\/div>\n              <div class=\"box-text text-left\" >\n                 <p><\/p>\n              <\/div>\n            <\/div>\n            <\/a>          <\/div>\n         <\/div><div class=\"gallery-col col\" >\n          <div class=\"col-inner\">\n            <a class=\"image-lightbox lightbox-gallery\" href=\"https:\/\/ptmsrl.com\/wp-content\/uploads\/2023\/11\/feeding-farm-presentazione-ptm-fiera-agritechnica-2023.jpg\" title=\"\">            <div class=\"box has-hover gallery-box box-none\">\n              <div class=\"box-image\" >\n                <img loading=\"lazy\" decoding=\"async\" width=\"1024\" height=\"768\" src=\"https:\/\/ptmsrl.com\/wp-content\/uploads\/2023\/11\/feeding-farm-presentazione-ptm-fiera-agritechnica-2023.jpg\" class=\"attachment-original size-original\" alt=\"feeding-farm-presentazione-ptm-fiera-agritechnica-2023\" ids=\"23020,22992,22999,23013,23027,23034,23041,23006\" style=\"none\" lightbox_image_size=\"original\" type=\"slider\" columns=\"2\" slider_nav_style=\"simple\" slider_nav_position=\"outside\" slider_bullets=\"true\" auto_slide=\"2000\" image_size=\"original\" srcset=\"https:\/\/ptmsrl.com\/wp-content\/uploads\/2023\/11\/feeding-farm-presentazione-ptm-fiera-agritechnica-2023.jpg 1024w, https:\/\/ptmsrl.com\/wp-content\/uploads\/2023\/11\/feeding-farm-presentazione-ptm-fiera-agritechnica-2023-533x400.jpg 533w, https:\/\/ptmsrl.com\/wp-content\/uploads\/2023\/11\/feeding-farm-presentazione-ptm-fiera-agritechnica-2023-768x576.jpg 768w, https:\/\/ptmsrl.com\/wp-content\/uploads\/2023\/11\/feeding-farm-presentazione-ptm-fiera-agritechnica-2023-600x450.jpg 600w\" sizes=\"auto, (max-width: 1024px) 100vw, 1024px\" \/>                                                              <\/div>\n              <div class=\"box-text text-left\" >\n                 <p><\/p>\n              <\/div>\n            <\/div>\n            <\/a>          <\/div>\n         <\/div><div class=\"gallery-col col\" >\n          <div class=\"col-inner\">\n            <a class=\"image-lightbox lightbox-gallery\" href=\"https:\/\/ptmsrl.com\/wp-content\/uploads\/2023\/11\/ptm-fiera-agricola-agritechnica-2023.jpg\" title=\"\">            <div class=\"box has-hover gallery-box box-none\">\n              <div class=\"box-image\" >\n                <img loading=\"lazy\" decoding=\"async\" width=\"1024\" height=\"768\" src=\"https:\/\/ptmsrl.com\/wp-content\/uploads\/2023\/11\/ptm-fiera-agricola-agritechnica-2023.jpg\" class=\"attachment-original size-original\" alt=\"ptm-fiera-agricola-agritechnica-2023\" ids=\"23020,22992,22999,23013,23027,23034,23041,23006\" style=\"none\" lightbox_image_size=\"original\" type=\"slider\" columns=\"2\" slider_nav_style=\"simple\" slider_nav_position=\"outside\" slider_bullets=\"true\" auto_slide=\"2000\" image_size=\"original\" srcset=\"https:\/\/ptmsrl.com\/wp-content\/uploads\/2023\/11\/ptm-fiera-agricola-agritechnica-2023.jpg 1024w, https:\/\/ptmsrl.com\/wp-content\/uploads\/2023\/11\/ptm-fiera-agricola-agritechnica-2023-533x400.jpg 533w, https:\/\/ptmsrl.com\/wp-content\/uploads\/2023\/11\/ptm-fiera-agricola-agritechnica-2023-768x576.jpg 768w, https:\/\/ptmsrl.com\/wp-content\/uploads\/2023\/11\/ptm-fiera-agricola-agritechnica-2023-600x450.jpg 600w\" sizes=\"auto, (max-width: 1024px) 100vw, 1024px\" \/>                                                              <\/div>\n              <div class=\"box-text text-left\" >\n                 <p><\/p>\n              <\/div>\n            <\/div>\n            <\/a>          <\/div>\n         <\/div><div class=\"gallery-col col\" >\n          <div class=\"col-inner\">\n            <a class=\"image-lightbox lightbox-gallery\" href=\"https:\/\/ptmsrl.com\/wp-content\/uploads\/2023\/11\/stand-fiera-agricoltura-agritechnica-ptm-2023.jpg\" title=\"\">            <div class=\"box has-hover gallery-box box-none\">\n              <div class=\"box-image\" >\n                <img loading=\"lazy\" decoding=\"async\" width=\"1024\" height=\"768\" src=\"https:\/\/ptmsrl.com\/wp-content\/uploads\/2023\/11\/stand-fiera-agricoltura-agritechnica-ptm-2023.jpg\" class=\"attachment-original size-original\" alt=\"stand-fiera-agricoltura-agritechnica-ptm-2023\" ids=\"23020,22992,22999,23013,23027,23034,23041,23006\" style=\"none\" lightbox_image_size=\"original\" type=\"slider\" columns=\"2\" slider_nav_style=\"simple\" slider_nav_position=\"outside\" slider_bullets=\"true\" auto_slide=\"2000\" image_size=\"original\" srcset=\"https:\/\/ptmsrl.com\/wp-content\/uploads\/2023\/11\/stand-fiera-agricoltura-agritechnica-ptm-2023.jpg 1024w, https:\/\/ptmsrl.com\/wp-content\/uploads\/2023\/11\/stand-fiera-agricoltura-agritechnica-ptm-2023-533x400.jpg 533w, https:\/\/ptmsrl.com\/wp-content\/uploads\/2023\/11\/stand-fiera-agricoltura-agritechnica-ptm-2023-768x576.jpg 768w, https:\/\/ptmsrl.com\/wp-content\/uploads\/2023\/11\/stand-fiera-agricoltura-agritechnica-ptm-2023-600x450.jpg 600w\" sizes=\"auto, (max-width: 1024px) 100vw, 1024px\" \/>                                                              <\/div>\n              <div class=\"box-text text-left\" >\n                 <p><\/p>\n              <\/div>\n            <\/div>\n            <\/a>          <\/div>\n         <\/div><div class=\"gallery-col col\" >\n          <div class=\"col-inner\">\n            <a class=\"image-lightbox lightbox-gallery\" href=\"https:\/\/ptmsrl.com\/wp-content\/uploads\/2023\/11\/stand-fiera-celle-di-carico-ptm-agritechcnica-2023.jpg\" title=\"\">            <div class=\"box has-hover gallery-box box-none\">\n              <div class=\"box-image\" >\n                <img loading=\"lazy\" decoding=\"async\" width=\"1024\" height=\"768\" src=\"https:\/\/ptmsrl.com\/wp-content\/uploads\/2023\/11\/stand-fiera-celle-di-carico-ptm-agritechcnica-2023.jpg\" class=\"attachment-original size-original\" alt=\"stand-fiera-celle-di-carico-ptm-agritechcnica-2023\" ids=\"23020,22992,22999,23013,23027,23034,23041,23006\" style=\"none\" lightbox_image_size=\"original\" type=\"slider\" columns=\"2\" slider_nav_style=\"simple\" slider_nav_position=\"outside\" slider_bullets=\"true\" auto_slide=\"2000\" image_size=\"original\" srcset=\"https:\/\/ptmsrl.com\/wp-content\/uploads\/2023\/11\/stand-fiera-celle-di-carico-ptm-agritechcnica-2023.jpg 1024w, https:\/\/ptmsrl.com\/wp-content\/uploads\/2023\/11\/stand-fiera-celle-di-carico-ptm-agritechcnica-2023-533x400.jpg 533w, https:\/\/ptmsrl.com\/wp-content\/uploads\/2023\/11\/stand-fiera-celle-di-carico-ptm-agritechcnica-2023-768x576.jpg 768w, https:\/\/ptmsrl.com\/wp-content\/uploads\/2023\/11\/stand-fiera-celle-di-carico-ptm-agritechcnica-2023-600x450.jpg 600w\" sizes=\"auto, (max-width: 1024px) 100vw, 1024px\" \/>                                                              <\/div>\n              <div class=\"box-text text-left\" >\n                 <p><\/p>\n              <\/div>\n            <\/div>\n            <\/a>          <\/div>\n         <\/div><div class=\"gallery-col col\" >\n          <div class=\"col-inner\">\n            <a class=\"image-lightbox lightbox-gallery\" href=\"https:\/\/ptmsrl.com\/wp-content\/uploads\/2023\/11\/strumenti-tecnologici-innovativi-per-l-agricoltura-ptm-agritechnica-2023.jpg\" title=\"\">            <div class=\"box has-hover gallery-box box-none\">\n              <div class=\"box-image\" >\n                <img loading=\"lazy\" decoding=\"async\" width=\"1024\" height=\"768\" src=\"https:\/\/ptmsrl.com\/wp-content\/uploads\/2023\/11\/strumenti-tecnologici-innovativi-per-l-agricoltura-ptm-agritechnica-2023.jpg\" class=\"attachment-original size-original\" alt=\"strumenti-tecnologici-innovativi-per-l-agricoltura-ptm-agritechnica-2023\" ids=\"23020,22992,22999,23013,23027,23034,23041,23006\" style=\"none\" lightbox_image_size=\"original\" type=\"slider\" columns=\"2\" slider_nav_style=\"simple\" slider_nav_position=\"outside\" slider_bullets=\"true\" auto_slide=\"2000\" image_size=\"original\" srcset=\"https:\/\/ptmsrl.com\/wp-content\/uploads\/2023\/11\/strumenti-tecnologici-innovativi-per-l-agricoltura-ptm-agritechnica-2023.jpg 1024w, https:\/\/ptmsrl.com\/wp-content\/uploads\/2023\/11\/strumenti-tecnologici-innovativi-per-l-agricoltura-ptm-agritechnica-2023-533x400.jpg 533w, https:\/\/ptmsrl.com\/wp-content\/uploads\/2023\/11\/strumenti-tecnologici-innovativi-per-l-agricoltura-ptm-agritechnica-2023-768x576.jpg 768w, https:\/\/ptmsrl.com\/wp-content\/uploads\/2023\/11\/strumenti-tecnologici-innovativi-per-l-agricoltura-ptm-agritechnica-2023-600x450.jpg 600w\" sizes=\"auto, (max-width: 1024px) 100vw, 1024px\" \/>                                                              <\/div>\n              <div class=\"box-text text-left\" >\n                 <p><\/p>\n              <\/div>\n            <\/div>\n            <\/a>          <\/div>\n         <\/div><div class=\"gallery-col col\" >\n          <div class=\"col-inner\">\n            <a class=\"image-lightbox lightbox-gallery\" href=\"https:\/\/ptmsrl.com\/wp-content\/uploads\/2023\/11\/innovazione-agricoltura-ptm-fiera-agritechnica-2023.jpg\" title=\"\">            <div class=\"box has-hover gallery-box box-none\">\n              <div class=\"box-image\" >\n                <img loading=\"lazy\" decoding=\"async\" width=\"1024\" height=\"768\" src=\"https:\/\/ptmsrl.com\/wp-content\/uploads\/2023\/11\/innovazione-agricoltura-ptm-fiera-agritechnica-2023.jpg\" class=\"attachment-original size-original\" alt=\"innovazione-agricoltura-ptm-fiera-agritechnica-2023\" ids=\"23020,22992,22999,23013,23027,23034,23041,23006\" style=\"none\" lightbox_image_size=\"original\" type=\"slider\" columns=\"2\" slider_nav_style=\"simple\" slider_nav_position=\"outside\" slider_bullets=\"true\" auto_slide=\"2000\" image_size=\"original\" srcset=\"https:\/\/ptmsrl.com\/wp-content\/uploads\/2023\/11\/innovazione-agricoltura-ptm-fiera-agritechnica-2023.jpg 1024w, https:\/\/ptmsrl.com\/wp-content\/uploads\/2023\/11\/innovazione-agricoltura-ptm-fiera-agritechnica-2023-533x400.jpg 533w, https:\/\/ptmsrl.com\/wp-content\/uploads\/2023\/11\/innovazione-agricoltura-ptm-fiera-agritechnica-2023-768x576.jpg 768w, https:\/\/ptmsrl.com\/wp-content\/uploads\/2023\/11\/innovazione-agricoltura-ptm-fiera-agritechnica-2023-600x450.jpg 600w\" sizes=\"auto, (max-width: 1024px) 100vw, 1024px\" \/>                                                              <\/div>\n              <div class=\"box-text text-left\" >\n                 <p><\/p>\n              <\/div>\n            <\/div>\n            <\/a>          <\/div>\n         <\/div><\/div>\n","protected":false},"excerpt":{"rendered":"<p>Dal 9 al 15 novembre, PTM era presente alla Fiera Agritechnica di Hannover, leader mondiale nel settore della meccanizzazione agricola.<\/p>\n","protected":false},"author":2,"featured_media":23026,"comment_status":"closed","ping_status":"closed","sticky":false,"template":"","format":"standard","meta":{"inline_featured_image":false,"footnotes":""},"categories":[121],"tags":[],"class_list":["post-23062","post","type-post","status-publish","format-standard","has-post-thumbnail","hentry","category-news"],"yoast_head":"<!-- This site is optimized with the Yoast SEO plugin v25.3 - https:\/\/yoast.com\/wordpress\/plugins\/seo\/ -->\n<title>PTM Srl | PTM en la Feria Agritechnica de Hannover<\/title>\n<meta name=\"robots\" content=\"index, follow, max-snippet:-1, max-image-preview:large, max-video-preview:-1\" \/>\n<link rel=\"canonical\" href=\"https:\/\/ptmsrl.com\/es\/ptm-en-la-feria-agritechnica-de-hannover\/\" \/>\n<meta property=\"og:locale\" content=\"es_ES\" \/>\n<meta property=\"og:type\" content=\"article\" \/>\n<meta property=\"og:title\" content=\"PTM Srl | PTM en la Feria Agritechnica de Hannover\" \/>\n<meta property=\"og:description\" content=\"Dal 9 al 15 novembre, PTM era presente alla Fiera Agritechnica di Hannover, leader mondiale nel settore della meccanizzazione agricola.\" \/>\n<meta property=\"og:url\" content=\"https:\/\/ptmsrl.com\/es\/ptm-en-la-feria-agritechnica-de-hannover\/\" \/>\n<meta property=\"og:site_name\" content=\"PTM Srl\" \/>\n<meta property=\"article:publisher\" content=\"https:\/\/www.facebook.com\/believingintechnology\/\" \/>\n<meta property=\"article:published_time\" content=\"2023-11-24T17:26:09+00:00\" \/>\n<meta property=\"og:image\" content=\"https:\/\/ptmsrl.com\/wp-content\/uploads\/2023\/11\/ptm-fiera-agritechnica-novembre-2023.jpg\" \/>\n\t<meta property=\"og:image:width\" content=\"1024\" \/>\n\t<meta property=\"og:image:height\" content=\"768\" \/>\n\t<meta property=\"og:image:type\" content=\"image\/jpeg\" \/>\n<meta name=\"author\" content=\"marketing\" \/>\n<meta name=\"twitter:card\" content=\"summary_large_image\" \/>\n<meta name=\"twitter:creator\" content=\"@ptm\" \/>\n<meta name=\"twitter:site\" content=\"@ptm\" \/>\n<meta name=\"twitter:label1\" content=\"Escrito por\" \/>\n\t<meta name=\"twitter:data1\" content=\"marketing\" \/>\n\t<meta name=\"twitter:label2\" content=\"Tiempo de lectura\" \/>\n\t<meta name=\"twitter:data2\" content=\"1 minuto\" \/>\n<script type=\"application\/ld+json\" class=\"yoast-schema-graph\">{\"@context\":\"https:\/\/schema.org\",\"@graph\":[{\"@type\":\"Article\",\"@id\":\"https:\/\/ptmsrl.com\/es\/ptm-en-la-feria-agritechnica-de-hannover\/#article\",\"isPartOf\":{\"@id\":\"https:\/\/ptmsrl.com\/es\/ptm-en-la-feria-agritechnica-de-hannover\/\"},\"author\":{\"name\":\"marketing\",\"@id\":\"https:\/\/ptmsrl.com\/#\/schema\/person\/079422a6bf30a36a980f3b9c0fdd12a1\"},\"headline\":\"PTM en la Feria Agritechnica de Hannover\",\"datePublished\":\"2023-11-24T17:26:09+00:00\",\"mainEntityOfPage\":{\"@id\":\"https:\/\/ptmsrl.com\/es\/ptm-en-la-feria-agritechnica-de-hannover\/\"},\"wordCount\":203,\"publisher\":{\"@id\":\"https:\/\/ptmsrl.com\/#organization\"},\"image\":{\"@id\":\"https:\/\/ptmsrl.com\/es\/ptm-en-la-feria-agritechnica-de-hannover\/#primaryimage\"},\"thumbnailUrl\":\"https:\/\/ptmsrl.com\/wp-content\/uploads\/2023\/11\/ptm-fiera-agritechnica-novembre-2023.jpg\",\"articleSection\":[\"News\"],\"inLanguage\":\"es\"},{\"@type\":\"WebPage\",\"@id\":\"https:\/\/ptmsrl.com\/es\/ptm-en-la-feria-agritechnica-de-hannover\/\",\"url\":\"https:\/\/ptmsrl.com\/es\/ptm-en-la-feria-agritechnica-de-hannover\/\",\"name\":\"PTM Srl | PTM en la Feria Agritechnica de Hannover\",\"isPartOf\":{\"@id\":\"https:\/\/ptmsrl.com\/#website\"},\"primaryImageOfPage\":{\"@id\":\"https:\/\/ptmsrl.com\/es\/ptm-en-la-feria-agritechnica-de-hannover\/#primaryimage\"},\"image\":{\"@id\":\"https:\/\/ptmsrl.com\/es\/ptm-en-la-feria-agritechnica-de-hannover\/#primaryimage\"},\"thumbnailUrl\":\"https:\/\/ptmsrl.com\/wp-content\/uploads\/2023\/11\/ptm-fiera-agritechnica-novembre-2023.jpg\",\"datePublished\":\"2023-11-24T17:26:09+00:00\",\"breadcrumb\":{\"@id\":\"https:\/\/ptmsrl.com\/es\/ptm-en-la-feria-agritechnica-de-hannover\/#breadcrumb\"},\"inLanguage\":\"es\",\"potentialAction\":[{\"@type\":\"ReadAction\",\"target\":[\"https:\/\/ptmsrl.com\/es\/ptm-en-la-feria-agritechnica-de-hannover\/\"]}]},{\"@type\":\"ImageObject\",\"inLanguage\":\"es\",\"@id\":\"https:\/\/ptmsrl.com\/es\/ptm-en-la-feria-agritechnica-de-hannover\/#primaryimage\",\"url\":\"https:\/\/ptmsrl.com\/wp-content\/uploads\/2023\/11\/ptm-fiera-agritechnica-novembre-2023.jpg\",\"contentUrl\":\"https:\/\/ptmsrl.com\/wp-content\/uploads\/2023\/11\/ptm-fiera-agritechnica-novembre-2023.jpg\",\"width\":1024,\"height\":768,\"caption\":\"ptm-fiera-agritechnica-novembre-2023\"},{\"@type\":\"BreadcrumbList\",\"@id\":\"https:\/\/ptmsrl.com\/es\/ptm-en-la-feria-agritechnica-de-hannover\/#breadcrumb\",\"itemListElement\":[{\"@type\":\"ListItem\",\"position\":1,\"name\":\"Home\",\"item\":\"https:\/\/ptmsrl.com\/es\/\"},{\"@type\":\"ListItem\",\"position\":2,\"name\":\"PTM en la Feria Agritechnica de Hannover\"}]},{\"@type\":\"WebSite\",\"@id\":\"https:\/\/ptmsrl.com\/#website\",\"url\":\"https:\/\/ptmsrl.com\/\",\"name\":\"PTM Srl\",\"description\":\"\u041c\u042b \u041f\u0420\u041e\u0418\u0417\u0412\u041e\u0414\u0418\u041c \u041a\u0410\u0427\u0415\u0421\u0422\u0412\u041e, \u041a\u041e\u0422\u041e\u0420\u041e\u0415 \u0418\u041c\u0415\u0415\u0422 \u041e\u0421\u041e\u0411\u042b\u0419 \u0412\u0415\u0421\",\"publisher\":{\"@id\":\"https:\/\/ptmsrl.com\/#organization\"},\"potentialAction\":[{\"@type\":\"SearchAction\",\"target\":{\"@type\":\"EntryPoint\",\"urlTemplate\":\"https:\/\/ptmsrl.com\/?s={search_term_string}\"},\"query-input\":{\"@type\":\"PropertyValueSpecification\",\"valueRequired\":true,\"valueName\":\"search_term_string\"}}],\"inLanguage\":\"es\"},{\"@type\":\"Organization\",\"@id\":\"https:\/\/ptmsrl.com\/#organization\",\"name\":\"PTM srl\",\"url\":\"https:\/\/ptmsrl.com\/\",\"logo\":{\"@type\":\"ImageObject\",\"inLanguage\":\"es\",\"@id\":\"https:\/\/ptmsrl.com\/#\/schema\/logo\/image\/\",\"url\":\"https:\/\/ptmsrl.com\/wp-content\/uploads\/2018\/10\/LOGO-PTM.png\",\"contentUrl\":\"https:\/\/ptmsrl.com\/wp-content\/uploads\/2018\/10\/LOGO-PTM.png\",\"width\":1000,\"height\":500,\"caption\":\"PTM srl\"},\"image\":{\"@id\":\"https:\/\/ptmsrl.com\/#\/schema\/logo\/image\/\"},\"sameAs\":[\"https:\/\/www.facebook.com\/believingintechnology\/\",\"https:\/\/x.com\/ptm\",\"https:\/\/www.linkedin.com\/company\/ptm-s-r-l\/\",\"https:\/\/www.youtube.com\/channel\/UCPSOS0MaR-4jDkAD3HkAC7A\"]},{\"@type\":\"Person\",\"@id\":\"https:\/\/ptmsrl.com\/#\/schema\/person\/079422a6bf30a36a980f3b9c0fdd12a1\",\"name\":\"marketing\",\"image\":{\"@type\":\"ImageObject\",\"inLanguage\":\"es\",\"@id\":\"https:\/\/ptmsrl.com\/#\/schema\/person\/image\/\",\"url\":\"https:\/\/secure.gravatar.com\/avatar\/4100b9363bf80b89e3af09e14e4e7562347fdb0444153aca08d20c22021b5bbc?s=96&d=mm&r=g\",\"contentUrl\":\"https:\/\/secure.gravatar.com\/avatar\/4100b9363bf80b89e3af09e14e4e7562347fdb0444153aca08d20c22021b5bbc?s=96&d=mm&r=g\",\"caption\":\"marketing\"}}]}<\/script>\n<!-- \/ Yoast SEO plugin. -->","yoast_head_json":{"title":"PTM Srl | PTM en la Feria Agritechnica de Hannover","robots":{"index":"index","follow":"follow","max-snippet":"max-snippet:-1","max-image-preview":"max-image-preview:large","max-video-preview":"max-video-preview:-1"},"canonical":"https:\/\/ptmsrl.com\/es\/ptm-en-la-feria-agritechnica-de-hannover\/","og_locale":"es_ES","og_type":"article","og_title":"PTM Srl | PTM en la Feria Agritechnica de Hannover","og_description":"Dal 9 al 15 novembre, PTM era presente alla Fiera Agritechnica di Hannover, leader mondiale nel settore della meccanizzazione agricola.","og_url":"https:\/\/ptmsrl.com\/es\/ptm-en-la-feria-agritechnica-de-hannover\/","og_site_name":"PTM Srl","article_publisher":"https:\/\/www.facebook.com\/believingintechnology\/","article_published_time":"2023-11-24T17:26:09+00:00","og_image":[{"width":1024,"height":768,"url":"https:\/\/ptmsrl.com\/wp-content\/uploads\/2023\/11\/ptm-fiera-agritechnica-novembre-2023.jpg","type":"image\/jpeg"}],"author":"marketing","twitter_card":"summary_large_image","twitter_creator":"@ptm","twitter_site":"@ptm","twitter_misc":{"Escrito por":"marketing","Tiempo de lectura":"1 minuto"},"schema":{"@context":"https:\/\/schema.org","@graph":[{"@type":"Article","@id":"https:\/\/ptmsrl.com\/es\/ptm-en-la-feria-agritechnica-de-hannover\/#article","isPartOf":{"@id":"https:\/\/ptmsrl.com\/es\/ptm-en-la-feria-agritechnica-de-hannover\/"},"author":{"name":"marketing","@id":"https:\/\/ptmsrl.com\/#\/schema\/person\/079422a6bf30a36a980f3b9c0fdd12a1"},"headline":"PTM en la Feria Agritechnica de Hannover","datePublished":"2023-11-24T17:26:09+00:00","mainEntityOfPage":{"@id":"https:\/\/ptmsrl.com\/es\/ptm-en-la-feria-agritechnica-de-hannover\/"},"wordCount":203,"publisher":{"@id":"https:\/\/ptmsrl.com\/#organization"},"image":{"@id":"https:\/\/ptmsrl.com\/es\/ptm-en-la-feria-agritechnica-de-hannover\/#primaryimage"},"thumbnailUrl":"https:\/\/ptmsrl.com\/wp-content\/uploads\/2023\/11\/ptm-fiera-agritechnica-novembre-2023.jpg","articleSection":["News"],"inLanguage":"es"},{"@type":"WebPage","@id":"https:\/\/ptmsrl.com\/es\/ptm-en-la-feria-agritechnica-de-hannover\/","url":"https:\/\/ptmsrl.com\/es\/ptm-en-la-feria-agritechnica-de-hannover\/","name":"PTM Srl | PTM en la Feria Agritechnica de Hannover","isPartOf":{"@id":"https:\/\/ptmsrl.com\/#website"},"primaryImageOfPage":{"@id":"https:\/\/ptmsrl.com\/es\/ptm-en-la-feria-agritechnica-de-hannover\/#primaryimage"},"image":{"@id":"https:\/\/ptmsrl.com\/es\/ptm-en-la-feria-agritechnica-de-hannover\/#primaryimage"},"thumbnailUrl":"https:\/\/ptmsrl.com\/wp-content\/uploads\/2023\/11\/ptm-fiera-agritechnica-novembre-2023.jpg","datePublished":"2023-11-24T17:26:09+00:00","breadcrumb":{"@id":"https:\/\/ptmsrl.com\/es\/ptm-en-la-feria-agritechnica-de-hannover\/#breadcrumb"},"inLanguage":"es","potentialAction":[{"@type":"ReadAction","target":["https:\/\/ptmsrl.com\/es\/ptm-en-la-feria-agritechnica-de-hannover\/"]}]},{"@type":"ImageObject","inLanguage":"es","@id":"https:\/\/ptmsrl.com\/es\/ptm-en-la-feria-agritechnica-de-hannover\/#primaryimage","url":"https:\/\/ptmsrl.com\/wp-content\/uploads\/2023\/11\/ptm-fiera-agritechnica-novembre-2023.jpg","contentUrl":"https:\/\/ptmsrl.com\/wp-content\/uploads\/2023\/11\/ptm-fiera-agritechnica-novembre-2023.jpg","width":1024,"height":768,"caption":"ptm-fiera-agritechnica-novembre-2023"},{"@type":"BreadcrumbList","@id":"https:\/\/ptmsrl.com\/es\/ptm-en-la-feria-agritechnica-de-hannover\/#breadcrumb","itemListElement":[{"@type":"ListItem","position":1,"name":"Home","item":"https:\/\/ptmsrl.com\/es\/"},{"@type":"ListItem","position":2,"name":"PTM en la Feria Agritechnica de Hannover"}]},{"@type":"WebSite","@id":"https:\/\/ptmsrl.com\/#website","url":"https:\/\/ptmsrl.com\/","name":"PTM Srl","description":"\u041c\u042b \u041f\u0420\u041e\u0418\u0417\u0412\u041e\u0414\u0418\u041c \u041a\u0410\u0427\u0415\u0421\u0422\u0412\u041e, \u041a\u041e\u0422\u041e\u0420\u041e\u0415 \u0418\u041c\u0415\u0415\u0422 \u041e\u0421\u041e\u0411\u042b\u0419 \u0412\u0415\u0421","publisher":{"@id":"https:\/\/ptmsrl.com\/#organization"},"potentialAction":[{"@type":"SearchAction","target":{"@type":"EntryPoint","urlTemplate":"https:\/\/ptmsrl.com\/?s={search_term_string}"},"query-input":{"@type":"PropertyValueSpecification","valueRequired":true,"valueName":"search_term_string"}}],"inLanguage":"es"},{"@type":"Organization","@id":"https:\/\/ptmsrl.com\/#organization","name":"PTM srl","url":"https:\/\/ptmsrl.com\/","logo":{"@type":"ImageObject","inLanguage":"es","@id":"https:\/\/ptmsrl.com\/#\/schema\/logo\/image\/","url":"https:\/\/ptmsrl.com\/wp-content\/uploads\/2018\/10\/LOGO-PTM.png","contentUrl":"https:\/\/ptmsrl.com\/wp-content\/uploads\/2018\/10\/LOGO-PTM.png","width":1000,"height":500,"caption":"PTM srl"},"image":{"@id":"https:\/\/ptmsrl.com\/#\/schema\/logo\/image\/"},"sameAs":["https:\/\/www.facebook.com\/believingintechnology\/","https:\/\/x.com\/ptm","https:\/\/www.linkedin.com\/company\/ptm-s-r-l\/","https:\/\/www.youtube.com\/channel\/UCPSOS0MaR-4jDkAD3HkAC7A"]},{"@type":"Person","@id":"https:\/\/ptmsrl.com\/#\/schema\/person\/079422a6bf30a36a980f3b9c0fdd12a1","name":"marketing","image":{"@type":"ImageObject","inLanguage":"es","@id":"https:\/\/ptmsrl.com\/#\/schema\/person\/image\/","url":"https:\/\/secure.gravatar.com\/avatar\/4100b9363bf80b89e3af09e14e4e7562347fdb0444153aca08d20c22021b5bbc?s=96&d=mm&r=g","contentUrl":"https:\/\/secure.gravatar.com\/avatar\/4100b9363bf80b89e3af09e14e4e7562347fdb0444153aca08d20c22021b5bbc?s=96&d=mm&r=g","caption":"marketing"}}]}},"_links":{"self":[{"href":"https:\/\/ptmsrl.com\/es\/wp-json\/wp\/v2\/posts\/23062","targetHints":{"allow":["GET"]}}],"collection":[{"href":"https:\/\/ptmsrl.com\/es\/wp-json\/wp\/v2\/posts"}],"about":[{"href":"https:\/\/ptmsrl.com\/es\/wp-json\/wp\/v2\/types\/post"}],"author":[{"embeddable":true,"href":"https:\/\/ptmsrl.com\/es\/wp-json\/wp\/v2\/users\/2"}],"replies":[{"embeddable":true,"href":"https:\/\/ptmsrl.com\/es\/wp-json\/wp\/v2\/comments?post=23062"}],"version-history":[{"count":0,"href":"https:\/\/ptmsrl.com\/es\/wp-json\/wp\/v2\/posts\/23062\/revisions"}],"wp:featuredmedia":[{"embeddable":true,"href":"https:\/\/ptmsrl.com\/es\/wp-json\/wp\/v2\/media\/23026"}],"wp:attachment":[{"href":"https:\/\/ptmsrl.com\/es\/wp-json\/wp\/v2\/media?parent=23062"}],"wp:term":[{"taxonomy":"category","embeddable":true,"href":"https:\/\/ptmsrl.com\/es\/wp-json\/wp\/v2\/categories?post=23062"},{"taxonomy":"post_tag","embeddable":true,"href":"https:\/\/ptmsrl.com\/es\/wp-json\/wp\/v2\/tags?post=23062"}],"curies":[{"name":"wp","href":"https:\/\/api.w.org\/{rel}","templated":true}]}}